{"id":1517,"date":"2019-05-07T16:37:12","date_gmt":"2019-05-07T14:37:12","guid":{"rendered":"https:\/\/cpdp.it\/?page_id=1517"},"modified":"2019-05-16T16:12:30","modified_gmt":"2019-05-16T14:12:30","slug":"interrogando-fausto-petrella-e-carmelo-conforto-attorno-alla-figura-di-dario-de-martis-dalla-rivista-il-vaso-di-pandora","status":"publish","type":"post","link":"https:\/\/cpdp.it\/index.php\/2019\/05\/07\/interrogando-fausto-petrella-e-carmelo-conforto-attorno-alla-figura-di-dario-de-martis-dalla-rivista-il-vaso-di-pandora\/","title":{"rendered":"Interrogando Fausto Petrella e Carmelo Conforto attorno alla figura di Dario De Martis. Dalla Rivista &#8220;Il Vaso di Pandora&#8221;"},"content":{"rendered":"\n<p>Sito Web:&nbsp;<a href=\"http:\/\/www.vasodipandora.online\/it\/\">Il Vaso di Pandora<\/a><\/p>\n\n\n\n<p>di Marco Massa<\/p>\n\n\n\n<p>Il 16 e 17 settembre 2016 si sono tenuti presso l\u2019Universit\u00e0 degli Studi di Pavia, le giornate di studio sulla figura di Dario De Martis &#8211; professore ordinario di Psichiatria a Cagliari nel 1968 e a Pavia dal 1971. A venti anni dalla sua scomparsa amici, colleghi ed ex allievi affezionati ne hanno ricordato la figura umana e l\u2019insegnamento scientifico e clinico profondamente innovativo.<\/p>\n\n\n\n<p>La sua formazione e la sua esperienza professionale includevano non solo la neurologia e la psichiatria, ma anche una completa formazione psicoanalitica, unita a un\u2019eccezionale apertura culturale. Grazie a questo straordinario profilo intellettuale, Dario De Martis fu un pioniere nello studio della condizione psicotica, nella critica agli apparati istituzionali della psichiatria e nell\u2019estensione su larga scala dell\u2019approccio psicoterapeutico alla malattia mentale.<\/p>\n\n\n\n<p>Ricordarlo \u00e8 anche l\u2019occasione per un fare bilancio attuale di quell\u2019indirizzo psicosociale della psichiatria di cui egli fu un precursore e un sostenitore appassionato e tenace.<\/p>\n\n\n\n<p>In quell\u2019occasione ho avuto modo di porre a Fausto Petrella, a cui mi legano numerosi anni di frequentazione delle sue supervisioni cliniche, alcune domande sulla figura di Dario de Martis. Ho pensato che la forma dell\u2019intervista fosse un modo tanto efficace quanto sintetico per cogliere i valori essenziali della figura di De Martis e come tale la propongo senza commenti ringraziando Fausto Petrella per la sua disponibilit\u00e0 e cortesia.<\/p>\n\n\n\n<p>Tre domande secche a Fausto Petrella.<\/p>\n\n\n\n<p>D. Caro Fausto, tu hai chiuso il tuo appassionato intervento al seminario in&nbsp;ricordo di Dario De Martis con la frase: \u201cDario ci ha insegnato a lottare per la psichiatria!\u201d. Sembra un richiamo che va ben oltre un discorso puramente tecnico.<\/p>\n\n\n\n<p>R. La frase che citi del mio discorso ha un significato esortativo e passionale, ma corrisponde in realt\u00e0 a precise condizioni e prerequisiti di un lavoro psichiatrico che sia utile, decoroso e rispettoso delle complesse realt\u00e0 umane di cui la psichiatria si occupa. La riforma psichiatrica italiana \u00e8 avvenuta essenzialmente come critica sociopolitica al manicomio. L&#8217;elemento tecnico non vi ebbe alcun posto, salvo che come critica alle concezioni psichiatriche vigenti e soprattutto al pessimo uso che se n&#8217;era fatto nelle istituzioni psichiatriche. I lager per malati di mente sono stati eliminati in base ad argomentazioni essenzialmente etiche. Cosa veramente si dovesse fare con i malati era una questione assolutamente importante, ma tutta da vedere. La nuova situazione creatasi con la nuova legge richiedeva operatori ben intenzionati, non cinici o sprezzanti, psicopatologicamente formati anche su un piano personale e\/o in gruppo, capaci di trattare con amministrazioni che ragionano quasi sempre solo in funzione di logiche molto distanti dai bisogni degli ammalati e degli operatori. Un approccio puramente psicologistico o psicobiologico-farmacologico sono insufficienti. Lo stesso contributo psicoanalitico &#8211; che Dario come me riteneva fondamentale a vario titolo per la psichiatria &#8211; doveva tener conto di questi diversi livelli, interrogandosi sulle finalit\u00e0 del lavoro psichiatrico, sulla babele delle pratiche in cui si sostanzia. C&#8217;\u00e8 qui un aspetto etico, politico e filosofico che non pu\u00f2 essere evitato. Lottare per la psichiatria significa sapere che un&#8217;azione psichiatrica positiva corrisponde a una societ\u00e0 pi\u00f9 equa e tollerante, a una socialit\u00e0 pi\u00f9 consapevole, qualcosa che si identifica anche con una comprensione singolare e un rispetto per ciascuna persona sana o malata. Le anticipazioni della 180 realizzate da Dario e da me in provincia di Pavia rispondevano a queste complesse esigenze e criteri, che nel corso degli anni hanno trovato pi\u00f9 ostacoli che supporti e collaborazione da parte di amministratori cangianti e sostanzialmente ostili o&nbsp; lontani dalle realt\u00e0 psichiatriche che dovevano amministrare. A livello nazionale la psichiatria italiana non ha saputo accordarsi su criteri e politiche assistenziali adeguate e a partire dagli anni 80 si \u00e8 assistito a un progressivo impoverimento della conoscenza dei pazienti e della loro sofferenza a favore di trattamenti farmacologici che tagliavano corto con gli aspetti psicologici del lavoro psichiatrico, con forte tendenza a delegare questo aspetto a figure professionalmente non particolarmente formate&nbsp; come pu\u00f2 accadere con gli psicologi e i cosiddetti educatori<\/p>\n\n\n\n<p>D. Quali erano o avrebbero dovuto essere per De Martis e per te i rapporti tra psichiatria, psicoanalisi e ideologia?<\/p>\n\n\n\n<p>R. Per De Martis la psicoanalisi divenne gradualmente un indispensabile strumento della psichiatria, della sua semeiotica, che non poteva che essere relazionale. Solo entro una relazione medico-paziente prendono forma le pretese oggettivit\u00e0 dell&#8217;osservazione psichiatrica. Gli aspetti negativi dell&#8217;esperienza anche infantile del paziente erano elementi esplicativi importanti, che andavano scoperti e valorizzati. La psicoanalisi permette delle forme di valutazione clinica che passano anche attraverso l&#8217;osservatore, i suoi atteggiamenti emotivi influenzati dal proprio transfert e dal transfert del paziente. Non si tratta di esercitare nel contesto psichiatrico la cura psicoanalitica-tipo, ma di utilizzare lo sguardo, l&#8217;ascolto, l&#8217;osservazione della propria relazione col paziente come elementi indispensabili di qualsivoglia approccio clinico. La psicoanalisi permette la formulazione di interrogativi senza i quali la psichiatria diventa facilmente qualcosa di disumano. La risposta alla costituzione di ideologie, intese come forme di considerazione univoca e limitativa della complessit\u00e0 dei fenomeni psicopatologici, deve essere costantemente sottoposta a una critica, con tutti gli strumenti a disposizione. Naturalmente \u00e8 del massimo interesse il rapporto ideologia\/istituzione, con tutti i problemi che comporta, in primis quello del potere.<\/p>\n\n\n\n<p>D. Quale \u00e8 a tuo avviso il principale risvolto, che il pensiero di De Martis pu\u00f2 aver lasciato nella prassi psichiatrica\/psicoterapica odierna?<\/p>\n\n\n\n<p>R. L&#8217;insieme delle pratiche e delle idee che abbiamo sostenuto e realizzato De Martis e io stesso sono da considerarsi inattuali, poco praticate o addirittura impraticabili senza un adeguato contesto istituzionale e amministrativo e senza un tessuto comune che unifichi culturalmente le varie psichiatrie in atto. Non so se e quando avverr\u00e0 su larga scala un&#8217;attuazione dei criteri di Dario. Assistiamo oggi a un diffuso regresso della componente \u201cumanistica\u201d del nostro lavoro, un regresso diffuso nella qualit\u00e0 dei rapporti umani e nel rispetto della persona. Se dovessi dire con parole mie quale sia il lascito pi\u00f9 importante di De Martis, direi: la qualificazione psicoterapeutica di ogni minimo atto della psichiatria; lo psichiatra di fronte allo psicotico deve sapere che questi lo concerne e che si richiede allo psichiatra una capacit\u00e0 di vicinanza insieme accorta e capace di vincere la paura della follia dell&#8217;altro e della propria. E questo non \u00e8 poco.<\/p>\n\n\n\n<p>_____________<\/p>\n\n\n\n<p>Per approfondire la riflessione su questa importante figura della psichiatria italiana, ho chiesto poi a Carmelo Conforto, professore presso la Scuola di Specializzazione in Psichiatria dell\u2019Universit\u00e0 di Genova dal 1968 al 2011, docente durante la mia specializzazione in psichiatria, collaboratore e supervisore del gruppo Redancia, di fornirmi alcune sue riflessioni sulla figura di Dario De Martis da lui ben conosciuto in virt\u00f9 dello stretto rapporto fra le Scuole di Specializzazione in Psichiatria di Pavia e di Genova.<\/p>\n\n\n\n<p>di Carmelo Conforto<\/p>\n\n\n\n<p>Non posso parlare di Dario De Martis, psichiatra, professore ordinario a Pavia e psicoanalista, senza riferirmi a Franco Giberti, a sua volta psichiatra, professore ordinario e psicoanalista. Entrai a lavorare con lui nel 1965, alla Clinica delle Malattie Nervose e Mentali di Genova (direttore C. Fazio), ove naturalmente il cervello, le sue patologie e le maniere di affrontarle ne costituivano l\u2019identit\u00e0 prevalente.<\/p>\n\n\n\n<p>La psichiatria, allora insegnamento \u201ccomplementare\u201d (diverr\u00e0 \u201cfondamentale\u201d nel 1976) stava in quegli anni rinascendo, grazie a Giberti, titolare dell\u2019insegnamento e responsabile dell\u2019attivit\u00e0 clinica.<\/p>\n\n\n\n<p>Certamente l\u2019impostazione prevalentemente organicista in Italia, era presente, anche se a Genova con minor pregnanza e caparbiet\u00e0, credo in ragione della poliforme identit\u00e0 del personale medico neuro-psichiatrico di allora e comunque di una particolare reciproca tolleranza di cui il direttore, Cornelio Fazio, ne era l\u2019espressione evidente.<\/p>\n\n\n\n<p>Giberti, nei suoi modi cauti, sussurrati, assolutamente convincenti, proponeva ai pochi che lavoravano con lui (Rossi, in primis) quel modo d\u2019essere psichiatri che stava allora nascendo e che invitava a incontrarsi con il sintomo proponendone un diverso statuto, ovvero la disponibilit\u00e0 ad affrontarne l\u2019enigma del significato e a rivolgersi ai modi ( la psichiatria che si apre alla psicoanalisi) per tentarne lo svelamento.<\/p>\n\n\n\n<p>La proposta, per alcuni di noi, per me, una sorta di attesa rivelazione, concerneva quindi l\u2019uso del discorso psicoanalitico e la sua introduzione, nella forma di tentativi psicoterapici \u201csenza divano\u201d che si aggiungevano ai programmi della farmacoterapia.<\/p>\n\n\n\n<p>Qui ha per me inizio l\u2019epopea della Psicoterapia e pi\u00f9 precisamente della proposta psicoanalitica. Giberti, Rossi sono alla fine degli anni \u201960 in formazione psicoanalitica a Milano, in Clinica si parla (di conseguenza) non solo di psicofarmaci ma si invitano fenomenologi come Cargnello, psicoanalisti come Zapparoli e Gaburri, si trattano temi di terapia individuale e di gruppo, che mi motiveranno a intraprendere<\/p>\n\n\n\n<p>a mia volta, nel \u201970, il lungo training psicoanalitico a Milano.<\/p>\n\n\n\n<p>Perch\u00e9 questo, voglio sottolineare, \u00e8 un tema fondamentale: annunciare un nuovo modo di proporsi ai pazienti gravi, psicotici, partendo da un faticoso, stremante lavoro su noi psichiatri\u2013psicoanalisti, costituito dal lungo tragitto formativo.<\/p>\n\n\n\n<p>Peraltro gi\u00e0 a partire dalla met\u00e0 degli anni \u201960 si era costituita la Societ\u00e0 Italiana di Psicoterapia Medica, e il primo Consiglio Direttivo ebbe luogo nel \u201966 sotto la direzione del Prof. Dario De Martis. Ad essa ader\u00ec Franco Giberti, amico di De Martis e come lui inserito nel percorso universitario e psicoanalitico, e con lui i medici della psichiatria universitaria.<\/p>\n\n\n\n<p>Iniziammo cos\u00ec a partecipare alla vita della SIPM e qui, soprattutto, ebbi modo di conoscere Dario De Martis, direttore della Clinica Psichiatrica di Pavia.<\/p>\n\n\n\n<p>Come Petrella, allora suo aiuto ebbe a dire pi\u00f9 volte, si cre\u00f2 una sorta di gemellaggio tra le due psichiatrie e tra i medici psichiatri-psicoanalisti (parlo di Fausto Petrella, Romolo Rossi, e poi via via Barale, Bezoari, io stesso\u2026).<\/p>\n\n\n\n<p>Soprattutto ai Convegni della Societ\u00e0 e alle riunioni del consiglio direttivo mi incontrai con De Martis e ne compresi il pensiero e i modi di intendere la psichiatria, non malattia del cervello ma sofferenza psichica della persona.<\/p>\n\n\n\n<p>Psichiatria che non si ferma, come dicevo, al sintomo.<\/p>\n\n\n\n<p>Modo d\u2019essere psichiatra che dispone del riferimento non solo teorico ma vissuto nel training che il modello psicoanalitico offre.<\/p>\n\n\n\n<p>Questo era il modello che animava i Convegni e De Martis ne era uno dei massimi interpreti nei suoi modi saggi, severi, mai trionfalistici.<\/p>\n\n\n\n<p>Avviene che De Martis e la sua \u00e9quipe propongano il lavoro psichiatrico cos\u00ec inteso entrando nella realt\u00e0 manicomiale con la struttura universitaria e descrivendo la straordinaria esperienza ne \u201cIl Paese degli Specchi\u201d, ove \u00e8 mostrato un altro modo di intendere la funzione dello psichiatra.<\/p>\n\n\n\n<p>Il gruppo di Genova risponde, a confermare il gemellaggio con Pavia (come osserva Petrella), con il Manuale di Psichiatria (Giberti-Rossi) ove la psicoterapia e la psicoanalisi trovano spazio e legittimazione.<\/p>\n\n\n\n<p>Risponde anche (siamo nel primo atto della 180), anni \u201980, con supervisioni in pi\u00f9 strutture territoriali, facendo i conti, specie inizialmente con l\u2019introduzione di un pensiero che era indigesto, non concordante da un lato con l\u2019impronta basagliana e neppure con quella organicista.<\/p>\n\n\n\n<p>Non dimentico, peraltro, l\u2019introduzione della prospettiva analitica nella didattica universitaria, nel lavoro con gli specializzandi: gruppi di tipo esperienziale, supervisioni di gruppo, lavoro con il personale infermieristico.<\/p>\n\n\n\n<p>Attivit\u00e0 che, nel loro insieme, contengono certamente ampi riferimenti al pensiero dei colleghi di Pavia, pur conservando da sempre una loro specificit\u00e0 qualificante l\u2019indirizzo della Scuola genovese.<\/p>\n\n\n\n<p>Ho in mente infine ricordando De Martis, un avvenimento per me pieno di significati, il colloquio che ebbi con lui a Pavia nel percorso che mi avrebbe portato a divenire membro ordinario della SPI: amicizia, lunga conoscenza, ma, come espressione del suo modo d\u2019essere, correttamente non disgiunte dalla sua funzione di psicoanalista didatta che vuole valutarmi ed esprimere il suo giudizio.<\/p>\n\n\n\n<p>(fine)<\/p>\n\n\n\n<p>Non ho conosciuto personalmente Dario De Martis, ho della sua persona solo un vago ricordo a un convegno risalente ai primi anni del mio corso di specializzazione. Ricordo per\u00f2 quanto di lui si parlasse all\u2019interno della Scuola di Specializzazione di Psichiatria di Genova e ho constatato negli anni successivi quanto fossero fondamentali per il mio lavoro i suoi contributi.<\/p>\n\n\n\n<p>Colgo l\u2019occasione per ringraziare ancora Carmelo Conforto e Fausto Petrella per la loro disponibilit\u00e0.<\/p>\n\n\n\n<p>Marco Massa<\/p>\n","protected":false},"excerpt":{"rendered":"<p>Sito Web:&nbsp;Il Vaso di Pandora di Marco Massa Il 16 e 17 settembre 2016 si sono tenuti presso l\u2019Universit\u00e0 degli Studi di Pavia, le giornate di studio sulla figura di Dario De Martis &#8211; professore ordinario di Psichiatria a Cagliari nel 1968 e a Pavia dal 1971. A venti anni dalla sua scomparsa amici, colleghi&hellip;<\/p>\n","protected":false},"author":1,"featured_media":0,"comment_status":"closed","ping_status":"closed","sticky":false,"template":"","format":"standard","meta":{"footnotes":"","_jetpack_memberships_contains_paid_content":false},"categories":[40],"tags":[],"yoast_head":"<!-- This site is optimized with the Yoast SEO plugin v21.7 - https:\/\/yoast.com\/wordpress\/plugins\/seo\/ -->\n<title>Interrogando Fausto Petrella e Carmelo Conforto attorno alla figura di Dario De Martis. Dalla Rivista &quot;Il Vaso di Pandora&quot; - CPDP<\/title>\n<meta name=\"robots\" content=\"index, follow, max-snippet:-1, max-image-preview:large, max-video-preview:-1\" \/>\n<link rel=\"canonical\" href=\"https:\/\/cpdp.it\/index.php\/2019\/05\/07\/interrogando-fausto-petrella-e-carmelo-conforto-attorno-alla-figura-di-dario-de-martis-dalla-rivista-il-vaso-di-pandora\/\" \/>\n<meta property=\"og:locale\" content=\"it_IT\" \/>\n<meta property=\"og:type\" content=\"article\" \/>\n<meta property=\"og:title\" content=\"Interrogando Fausto Petrella e Carmelo Conforto attorno alla figura di Dario De Martis. Dalla Rivista &quot;Il Vaso di Pandora&quot; - CPDP\" \/>\n<meta property=\"og:description\" content=\"Sito Web:&nbsp;Il Vaso di Pandora di Marco Massa Il 16 e 17 settembre 2016 si sono tenuti presso l\u2019Universit\u00e0 degli Studi di Pavia, le giornate di studio sulla figura di Dario De Martis &#8211; professore ordinario di Psichiatria a Cagliari nel 1968 e a Pavia dal 1971. A venti anni dalla sua scomparsa amici, colleghi&hellip;\" \/>\n<meta property=\"og:url\" content=\"https:\/\/cpdp.it\/index.php\/2019\/05\/07\/interrogando-fausto-petrella-e-carmelo-conforto-attorno-alla-figura-di-dario-de-martis-dalla-rivista-il-vaso-di-pandora\/\" \/>\n<meta property=\"og:site_name\" content=\"CPDP\" \/>\n<meta property=\"article:published_time\" content=\"2019-05-07T14:37:12+00:00\" \/>\n<meta property=\"article:modified_time\" content=\"2019-05-16T14:12:30+00:00\" \/>\n<meta name=\"author\" content=\"Etienne\" \/>\n<meta name=\"twitter:card\" content=\"summary_large_image\" \/>\n<meta name=\"twitter:label1\" content=\"Scritto da\" \/>\n\t<meta name=\"twitter:data1\" content=\"Etienne\" \/>\n\t<meta name=\"twitter:label2\" content=\"Tempo di lettura stimato\" \/>\n\t<meta name=\"twitter:data2\" content=\"10 minuti\" \/>\n<script type=\"application\/ld+json\" class=\"yoast-schema-graph\">{\"@context\":\"https:\/\/schema.org\",\"@graph\":[{\"@type\":\"WebPage\",\"@id\":\"https:\/\/cpdp.it\/index.php\/2019\/05\/07\/interrogando-fausto-petrella-e-carmelo-conforto-attorno-alla-figura-di-dario-de-martis-dalla-rivista-il-vaso-di-pandora\/\",\"url\":\"https:\/\/cpdp.it\/index.php\/2019\/05\/07\/interrogando-fausto-petrella-e-carmelo-conforto-attorno-alla-figura-di-dario-de-martis-dalla-rivista-il-vaso-di-pandora\/\",\"name\":\"Interrogando Fausto Petrella e Carmelo Conforto attorno alla figura di Dario De Martis. Dalla Rivista \\\"Il Vaso di Pandora\\\" - CPDP\",\"isPartOf\":{\"@id\":\"https:\/\/cpdp.it\/#website\"},\"datePublished\":\"2019-05-07T14:37:12+00:00\",\"dateModified\":\"2019-05-16T14:12:30+00:00\",\"author\":{\"@id\":\"https:\/\/cpdp.it\/#\/schema\/person\/cca886f44e2e20601e289e4f1c7f414f\"},\"breadcrumb\":{\"@id\":\"https:\/\/cpdp.it\/index.php\/2019\/05\/07\/interrogando-fausto-petrella-e-carmelo-conforto-attorno-alla-figura-di-dario-de-martis-dalla-rivista-il-vaso-di-pandora\/#breadcrumb\"},\"inLanguage\":\"it-IT\",\"potentialAction\":[{\"@type\":\"ReadAction\",\"target\":[\"https:\/\/cpdp.it\/index.php\/2019\/05\/07\/interrogando-fausto-petrella-e-carmelo-conforto-attorno-alla-figura-di-dario-de-martis-dalla-rivista-il-vaso-di-pandora\/\"]}]},{\"@type\":\"BreadcrumbList\",\"@id\":\"https:\/\/cpdp.it\/index.php\/2019\/05\/07\/interrogando-fausto-petrella-e-carmelo-conforto-attorno-alla-figura-di-dario-de-martis-dalla-rivista-il-vaso-di-pandora\/#breadcrumb\",\"itemListElement\":[{\"@type\":\"ListItem\",\"position\":1,\"name\":\"Home\",\"item\":\"https:\/\/cpdp.it\/\"},{\"@type\":\"ListItem\",\"position\":2,\"name\":\"Interrogando Fausto Petrella e Carmelo Conforto attorno alla figura di Dario De Martis. Dalla Rivista &#8220;Il Vaso di Pandora&#8221;\"}]},{\"@type\":\"WebSite\",\"@id\":\"https:\/\/cpdp.it\/#website\",\"url\":\"https:\/\/cpdp.it\/\",\"name\":\"CPDP\",\"description\":\"Centro Psicoanalitico di Pavia\",\"potentialAction\":[{\"@type\":\"SearchAction\",\"target\":{\"@type\":\"EntryPoint\",\"urlTemplate\":\"https:\/\/cpdp.it\/?s={search_term_string}\"},\"query-input\":\"required name=search_term_string\"}],\"inLanguage\":\"it-IT\"},{\"@type\":\"Person\",\"@id\":\"https:\/\/cpdp.it\/#\/schema\/person\/cca886f44e2e20601e289e4f1c7f414f\",\"name\":\"Etienne\",\"image\":{\"@type\":\"ImageObject\",\"inLanguage\":\"it-IT\",\"@id\":\"https:\/\/cpdp.it\/#\/schema\/person\/image\/\",\"url\":\"https:\/\/secure.gravatar.com\/avatar\/57733af9d167b584267ebdcf9f40ab6b?s=96&d=mm&r=g\",\"contentUrl\":\"https:\/\/secure.gravatar.com\/avatar\/57733af9d167b584267ebdcf9f40ab6b?s=96&d=mm&r=g\",\"caption\":\"Etienne\"},\"url\":\"https:\/\/cpdp.it\/index.php\/author\/etienne\/\"}]}<\/script>\n<!-- \/ Yoast SEO plugin. -->","yoast_head_json":{"title":"Interrogando Fausto Petrella e Carmelo Conforto attorno alla figura di Dario De Martis. Dalla Rivista \"Il Vaso di Pandora\" - CPDP","robots":{"index":"index","follow":"follow","max-snippet":"max-snippet:-1","max-image-preview":"max-image-preview:large","max-video-preview":"max-video-preview:-1"},"canonical":"https:\/\/cpdp.it\/index.php\/2019\/05\/07\/interrogando-fausto-petrella-e-carmelo-conforto-attorno-alla-figura-di-dario-de-martis-dalla-rivista-il-vaso-di-pandora\/","og_locale":"it_IT","og_type":"article","og_title":"Interrogando Fausto Petrella e Carmelo Conforto attorno alla figura di Dario De Martis. Dalla Rivista \"Il Vaso di Pandora\" - CPDP","og_description":"Sito Web:&nbsp;Il Vaso di Pandora di Marco Massa Il 16 e 17 settembre 2016 si sono tenuti presso l\u2019Universit\u00e0 degli Studi di Pavia, le giornate di studio sulla figura di Dario De Martis &#8211; professore ordinario di Psichiatria a Cagliari nel 1968 e a Pavia dal 1971. A venti anni dalla sua scomparsa amici, colleghi&hellip;","og_url":"https:\/\/cpdp.it\/index.php\/2019\/05\/07\/interrogando-fausto-petrella-e-carmelo-conforto-attorno-alla-figura-di-dario-de-martis-dalla-rivista-il-vaso-di-pandora\/","og_site_name":"CPDP","article_published_time":"2019-05-07T14:37:12+00:00","article_modified_time":"2019-05-16T14:12:30+00:00","author":"Etienne","twitter_card":"summary_large_image","twitter_misc":{"Scritto da":"Etienne","Tempo di lettura stimato":"10 minuti"},"schema":{"@context":"https:\/\/schema.org","@graph":[{"@type":"WebPage","@id":"https:\/\/cpdp.it\/index.php\/2019\/05\/07\/interrogando-fausto-petrella-e-carmelo-conforto-attorno-alla-figura-di-dario-de-martis-dalla-rivista-il-vaso-di-pandora\/","url":"https:\/\/cpdp.it\/index.php\/2019\/05\/07\/interrogando-fausto-petrella-e-carmelo-conforto-attorno-alla-figura-di-dario-de-martis-dalla-rivista-il-vaso-di-pandora\/","name":"Interrogando Fausto Petrella e Carmelo Conforto attorno alla figura di Dario De Martis. Dalla Rivista \"Il Vaso di Pandora\" - CPDP","isPartOf":{"@id":"https:\/\/cpdp.it\/#website"},"datePublished":"2019-05-07T14:37:12+00:00","dateModified":"2019-05-16T14:12:30+00:00","author":{"@id":"https:\/\/cpdp.it\/#\/schema\/person\/cca886f44e2e20601e289e4f1c7f414f"},"breadcrumb":{"@id":"https:\/\/cpdp.it\/index.php\/2019\/05\/07\/interrogando-fausto-petrella-e-carmelo-conforto-attorno-alla-figura-di-dario-de-martis-dalla-rivista-il-vaso-di-pandora\/#breadcrumb"},"inLanguage":"it-IT","potentialAction":[{"@type":"ReadAction","target":["https:\/\/cpdp.it\/index.php\/2019\/05\/07\/interrogando-fausto-petrella-e-carmelo-conforto-attorno-alla-figura-di-dario-de-martis-dalla-rivista-il-vaso-di-pandora\/"]}]},{"@type":"BreadcrumbList","@id":"https:\/\/cpdp.it\/index.php\/2019\/05\/07\/interrogando-fausto-petrella-e-carmelo-conforto-attorno-alla-figura-di-dario-de-martis-dalla-rivista-il-vaso-di-pandora\/#breadcrumb","itemListElement":[{"@type":"ListItem","position":1,"name":"Home","item":"https:\/\/cpdp.it\/"},{"@type":"ListItem","position":2,"name":"Interrogando Fausto Petrella e Carmelo Conforto attorno alla figura di Dario De Martis. Dalla Rivista &#8220;Il Vaso di Pandora&#8221;"}]},{"@type":"WebSite","@id":"https:\/\/cpdp.it\/#website","url":"https:\/\/cpdp.it\/","name":"CPDP","description":"Centro Psicoanalitico di Pavia","potentialAction":[{"@type":"SearchAction","target":{"@type":"EntryPoint","urlTemplate":"https:\/\/cpdp.it\/?s={search_term_string}"},"query-input":"required name=search_term_string"}],"inLanguage":"it-IT"},{"@type":"Person","@id":"https:\/\/cpdp.it\/#\/schema\/person\/cca886f44e2e20601e289e4f1c7f414f","name":"Etienne","image":{"@type":"ImageObject","inLanguage":"it-IT","@id":"https:\/\/cpdp.it\/#\/schema\/person\/image\/","url":"https:\/\/secure.gravatar.com\/avatar\/57733af9d167b584267ebdcf9f40ab6b?s=96&d=mm&r=g","contentUrl":"https:\/\/secure.gravatar.com\/avatar\/57733af9d167b584267ebdcf9f40ab6b?s=96&d=mm&r=g","caption":"Etienne"},"url":"https:\/\/cpdp.it\/index.php\/author\/etienne\/"}]}},"jetpack_sharing_enabled":true,"jetpack_featured_media_url":"","_links":{"self":[{"href":"https:\/\/cpdp.it\/index.php\/wp-json\/wp\/v2\/posts\/1517"}],"collection":[{"href":"https:\/\/cpdp.it\/index.php\/wp-json\/wp\/v2\/posts"}],"about":[{"href":"https:\/\/cpdp.it\/index.php\/wp-json\/wp\/v2\/types\/post"}],"author":[{"embeddable":true,"href":"https:\/\/cpdp.it\/index.php\/wp-json\/wp\/v2\/users\/1"}],"replies":[{"embeddable":true,"href":"https:\/\/cpdp.it\/index.php\/wp-json\/wp\/v2\/comments?post=1517"}],"version-history":[{"count":1,"href":"https:\/\/cpdp.it\/index.php\/wp-json\/wp\/v2\/posts\/1517\/revisions"}],"predecessor-version":[{"id":1518,"href":"https:\/\/cpdp.it\/index.php\/wp-json\/wp\/v2\/posts\/1517\/revisions\/1518"}],"wp:attachment":[{"href":"https:\/\/cpdp.it\/index.php\/wp-json\/wp\/v2\/media?parent=1517"}],"wp:term":[{"taxonomy":"category","embeddable":true,"href":"https:\/\/cpdp.it\/index.php\/wp-json\/wp\/v2\/categories?post=1517"},{"taxonomy":"post_tag","embeddable":true,"href":"https:\/\/cpdp.it\/index.php\/wp-json\/wp\/v2\/tags?post=1517"}],"curies":[{"name":"wp","href":"https:\/\/api.w.org\/{rel}","templated":true}]}}